{"id":2587,"date":"2020-03-04T16:24:33","date_gmt":"2020-03-04T16:24:33","guid":{"rendered":"http:\/\/test.mtv1861greussen.de\/?p=2587"},"modified":"2020-12-26T16:18:33","modified_gmt":"2020-12-26T16:18:33","slug":"mannschaftsbilder-1-mannschaft-tischtennis","status":"publish","type":"post","link":"https:\/\/www.mtv1861greussen.de\/?p=2587","title":{"rendered":"Mannschaftsbilder 1.Mannschaft Tischtennis"},"content":{"rendered":"\n<figure class=\"wp-block-image size-large is-style-default\"><img loading=\"lazy\" decoding=\"async\" width=\"1024\" height=\"485\" src=\"https:\/\/www.mtv1861greussen.de\/wp-content\/uploads\/2020\/02\/Mannschaft-19-20-1024x485.jpg\" alt=\"\" class=\"wp-image-2169\" srcset=\"https:\/\/www.mtv1861greussen.de\/wp-content\/uploads\/2020\/02\/Mannschaft-19-20-1024x485.jpg 1024w, https:\/\/www.mtv1861greussen.de\/wp-content\/uploads\/2020\/02\/Mannschaft-19-20-300x142.jpg 300w, https:\/\/www.mtv1861greussen.de\/wp-content\/uploads\/2020\/02\/Mannschaft-19-20-768x363.jpg 768w, https:\/\/www.mtv1861greussen.de\/wp-content\/uploads\/2020\/02\/Mannschaft-19-20-1536x727.jpg 1536w, https:\/\/www.mtv1861greussen.de\/wp-content\/uploads\/2020\/02\/Mannschaft-19-20-2048x969.jpg 2048w\" sizes=\"auto, (max-width: 1024px) 100vw, 1024px\" \/><figcaption>                                                                                    2019                                                                              <br> v.l.n.r.: Martin Kallenberg, J\u00f6rg L\u00f6ser, Mario Sch\u00fctze, Hannes B\u00fcchner, Benjamin Spitzer, <br>Ren\u00e9 Konschak<\/figcaption><\/figure>\n\n\n\n<figure class=\"wp-block-image size-large is-style-default\"><img loading=\"lazy\" decoding=\"async\" width=\"1024\" height=\"644\" src=\"https:\/\/www.mtv1861greussen.de\/wp-content\/uploads\/2020\/02\/Mannschaft-17-18-mit-Sponsor.jpg\" alt=\"\" class=\"wp-image-2170\" srcset=\"https:\/\/www.mtv1861greussen.de\/wp-content\/uploads\/2020\/02\/Mannschaft-17-18-mit-Sponsor.jpg 1024w, https:\/\/www.mtv1861greussen.de\/wp-content\/uploads\/2020\/02\/Mannschaft-17-18-mit-Sponsor-300x189.jpg 300w, https:\/\/www.mtv1861greussen.de\/wp-content\/uploads\/2020\/02\/Mannschaft-17-18-mit-Sponsor-768x483.jpg 768w\" sizes=\"auto, (max-width: 1024px) 100vw, 1024px\" \/><figcaption>2018<br>hintere Reihe v.l.n.r.: Hannes B\u00fcchner, Benjamin Spitzer, Ren\u00e9 Konschak und Mario Sch\u00fctze<\/figcaption><\/figure>\n\n\n\n<figure class=\"wp-block-image size-large is-style-default\"><img loading=\"lazy\" decoding=\"async\" width=\"1024\" height=\"683\" src=\"https:\/\/www.mtv1861greussen.de\/wp-content\/uploads\/2020\/02\/Mannschaft-16-17_Aufstieg-Verbandsliga-1024x683.jpg\" alt=\"\" class=\"wp-image-2171\" srcset=\"https:\/\/www.mtv1861greussen.de\/wp-content\/uploads\/2020\/02\/Mannschaft-16-17_Aufstieg-Verbandsliga-1024x683.jpg 1024w, https:\/\/www.mtv1861greussen.de\/wp-content\/uploads\/2020\/02\/Mannschaft-16-17_Aufstieg-Verbandsliga-300x200.jpg 300w, https:\/\/www.mtv1861greussen.de\/wp-content\/uploads\/2020\/02\/Mannschaft-16-17_Aufstieg-Verbandsliga-768x512.jpg 768w, https:\/\/www.mtv1861greussen.de\/wp-content\/uploads\/2020\/02\/Mannschaft-16-17_Aufstieg-Verbandsliga-1536x1024.jpg 1536w, https:\/\/www.mtv1861greussen.de\/wp-content\/uploads\/2020\/02\/Mannschaft-16-17_Aufstieg-Verbandsliga-2048x1365.jpg 2048w, https:\/\/www.mtv1861greussen.de\/wp-content\/uploads\/2020\/02\/Mannschaft-16-17_Aufstieg-Verbandsliga-360x240.jpg 360w\" sizes=\"auto, (max-width: 1024px) 100vw, 1024px\" \/><figcaption>2017<br>v.l.n.r.: Mario Sch\u00fctze, J\u00f6rg L\u00f6ser, Ren\u00e9 Konschak, Hannes B\u00fcchner, Dirk Etzel, Benjamin Spitzer<\/figcaption><\/figure>\n\n\n\n<figure class=\"wp-block-image size-large is-style-default\"><img loading=\"lazy\" decoding=\"async\" width=\"1024\" height=\"734\" src=\"https:\/\/www.mtv1861greussen.de\/wp-content\/uploads\/2020\/02\/MFerste.jpg\" alt=\"\" class=\"wp-image-763\" srcset=\"https:\/\/www.mtv1861greussen.de\/wp-content\/uploads\/2020\/02\/MFerste.jpg 1024w, https:\/\/www.mtv1861greussen.de\/wp-content\/uploads\/2020\/02\/MFerste-300x215.jpg 300w, https:\/\/www.mtv1861greussen.de\/wp-content\/uploads\/2020\/02\/MFerste-768x551.jpg 768w\" sizes=\"auto, (max-width: 1024px) 100vw, 1024px\" \/><figcaption>2016<br>v.l.n.r.: Benjamin Spitzer, Tobias Koch, Ren\u00e9 Konschak, Hannes B\u00fcchner, J\u00f6rg L\u00f6ser und Mario Sch\u00fctze<\/figcaption><\/figure>\n\n\n\n<figure class=\"wp-block-image size-large is-style-default\"><img loading=\"lazy\" decoding=\"async\" width=\"1024\" height=\"683\" src=\"https:\/\/www.mtv1861greussen.de\/wp-content\/uploads\/2020\/02\/Mannschaft-15-16-1024x683.jpg\" alt=\"\" class=\"wp-image-2172\" srcset=\"https:\/\/www.mtv1861greussen.de\/wp-content\/uploads\/2020\/02\/Mannschaft-15-16-1024x683.jpg 1024w, https:\/\/www.mtv1861greussen.de\/wp-content\/uploads\/2020\/02\/Mannschaft-15-16-300x200.jpg 300w, https:\/\/www.mtv1861greussen.de\/wp-content\/uploads\/2020\/02\/Mannschaft-15-16-768x512.jpg 768w, https:\/\/www.mtv1861greussen.de\/wp-content\/uploads\/2020\/02\/Mannschaft-15-16-1536x1024.jpg 1536w, https:\/\/www.mtv1861greussen.de\/wp-content\/uploads\/2020\/02\/Mannschaft-15-16-2048x1365.jpg 2048w, https:\/\/www.mtv1861greussen.de\/wp-content\/uploads\/2020\/02\/Mannschaft-15-16-360x240.jpg 360w\" sizes=\"auto, (max-width: 1024px) 100vw, 1024px\" \/><figcaption>2015<br>v.l.n.r.: Dirk Etzel, Ren\u00e9 Konschak, Hannes B\u00fcchner, Benjamin Spitzer, Mario Sch\u00fctze, J\u00f6rg L\u00f6ser<br><\/figcaption><\/figure>\n\n\n\n<figure class=\"wp-block-image size-large is-style-default\"><img loading=\"lazy\" decoding=\"async\" width=\"1024\" height=\"768\" src=\"https:\/\/www.mtv1861greussen.de\/wp-content\/uploads\/2020\/02\/Manschaftsfoto-12-13-1024x768.jpg\" alt=\"\" class=\"wp-image-2174\" srcset=\"https:\/\/www.mtv1861greussen.de\/wp-content\/uploads\/2020\/02\/Manschaftsfoto-12-13-1024x768.jpg 1024w, https:\/\/www.mtv1861greussen.de\/wp-content\/uploads\/2020\/02\/Manschaftsfoto-12-13-300x225.jpg 300w, https:\/\/www.mtv1861greussen.de\/wp-content\/uploads\/2020\/02\/Manschaftsfoto-12-13-768x576.jpg 768w, https:\/\/www.mtv1861greussen.de\/wp-content\/uploads\/2020\/02\/Manschaftsfoto-12-13-1536x1152.jpg 1536w, https:\/\/www.mtv1861greussen.de\/wp-content\/uploads\/2020\/02\/Manschaftsfoto-12-13-2048x1536.jpg 2048w\" sizes=\"auto, (max-width: 1024px) 100vw, 1024px\" \/><figcaption>2013<br>v.l.n.r.: Hannes B\u00fcchner, J\u00f6rgL\u00f6ser, Ren\u00e9 Konschak, Benjamin Spitzer, Rudolf und Mario Halecker<\/figcaption><\/figure>\n\n\n\n<figure class=\"wp-block-image size-large is-style-default\"><img loading=\"lazy\" decoding=\"async\" width=\"1024\" height=\"768\" src=\"https:\/\/www.mtv1861greussen.de\/wp-content\/uploads\/2020\/03\/Punktspiel-NDH-062-1024x768.jpg\" alt=\"\" class=\"wp-image-2602\" srcset=\"https:\/\/www.mtv1861greussen.de\/wp-content\/uploads\/2020\/03\/Punktspiel-NDH-062-1024x768.jpg 1024w, https:\/\/www.mtv1861greussen.de\/wp-content\/uploads\/2020\/03\/Punktspiel-NDH-062-300x225.jpg 300w, https:\/\/www.mtv1861greussen.de\/wp-content\/uploads\/2020\/03\/Punktspiel-NDH-062-768x576.jpg 768w, https:\/\/www.mtv1861greussen.de\/wp-content\/uploads\/2020\/03\/Punktspiel-NDH-062-1536x1152.jpg 1536w, https:\/\/www.mtv1861greussen.de\/wp-content\/uploads\/2020\/03\/Punktspiel-NDH-062-2048x1536.jpg 2048w\" sizes=\"auto, (max-width: 1024px) 100vw, 1024px\" \/><figcaption>2007<br>v.l.n.r.: Rudolf Halecker, Hannes B\u00fcchner, Mario Halecker, Ren\u00e9 Konschak, Mario Sch\u00fctze, Lars Bauer<\/figcaption><\/figure>\n","protected":false},"excerpt":{"rendered":"","protected":false},"author":1,"featured_media":0,"comment_status":"closed","ping_status":"open","sticky":false,"template":"","format":"standard","meta":{"ngg_post_thumbnail":0,"footnotes":""},"categories":[1],"tags":[],"class_list":["post-2587","post","type-post","status-publish","format-standard","hentry","category-mtv"],"_links":{"self":[{"href":"https:\/\/www.mtv1861greussen.de\/index.php?rest_route=\/wp\/v2\/posts\/2587","targetHints":{"allow":["GET"]}}],"collection":[{"href":"https:\/\/www.mtv1861greussen.de\/index.php?rest_route=\/wp\/v2\/posts"}],"about":[{"href":"https:\/\/www.mtv1861greussen.de\/index.php?rest_route=\/wp\/v2\/types\/post"}],"author":[{"embeddable":true,"href":"https:\/\/www.mtv1861greussen.de\/index.php?rest_route=\/wp\/v2\/users\/1"}],"replies":[{"embeddable":true,"href":"https:\/\/www.mtv1861greussen.de\/index.php?rest_route=%2Fwp%2Fv2%2Fcomments&post=2587"}],"version-history":[{"count":6,"href":"https:\/\/www.mtv1861greussen.de\/index.php?rest_route=\/wp\/v2\/posts\/2587\/revisions"}],"predecessor-version":[{"id":2604,"href":"https:\/\/www.mtv1861greussen.de\/index.php?rest_route=\/wp\/v2\/posts\/2587\/revisions\/2604"}],"wp:attachment":[{"href":"https:\/\/www.mtv1861greussen.de\/index.php?rest_route=%2Fwp%2Fv2%2Fmedia&parent=2587"}],"wp:term":[{"taxonomy":"category","embeddable":true,"href":"https:\/\/www.mtv1861greussen.de\/index.php?rest_route=%2Fwp%2Fv2%2Fcategories&post=2587"},{"taxonomy":"post_tag","embeddable":true,"href":"https:\/\/www.mtv1861greussen.de\/index.php?rest_route=%2Fwp%2Fv2%2Ftags&post=2587"}],"curies":[{"name":"wp","href":"https:\/\/api.w.org\/{rel}","templated":true}]}}