{"id":4014,"date":"2021-12-06T16:59:51","date_gmt":"2021-12-06T16:59:51","guid":{"rendered":"https:\/\/www.mtv1861greussen.de\/?p=4014"},"modified":"2021-12-06T17:00:59","modified_gmt":"2021-12-06T17:00:59","slug":"saison-1987-88","status":"publish","type":"post","link":"https:\/\/www.mtv1861greussen.de\/?p=4014","title":{"rendered":"Saison 1987\/88"},"content":{"rendered":"<p><em><strong>Gesamtmannschaftsaufstellung<\/strong><\/em><\/p>\n<p><strong>1.Herren -2.Bezirksliga Staffel S\u00fcd \/ Abstieg<\/strong><\/p>\n<p>Peter Kallenberg, Uwe Kallenberg, Fred Tresemer, Klaus Schr\u00f6der, Andreas Hahn und Stefan Halecker<\/p>\n<p><strong>2.Herren &#8211; 1.Kreisklasse&nbsp;<\/strong><\/p>\n<p>Mario Halecker, Herbert B\u00f6ffel, Werner Weigert, Dieter Haberkorn, Thomas Erk, und Kay Hoffmann<\/p>\n<p><strong>1.Jugendmannschaft &#8211; Kreisklasse&nbsp;<\/strong><\/p>\n<p>Karsten Erk, Christian Rink, Denis Hoschke und Thomas Werner<\/p>\n<p><strong>2.Jugendmannschaft &#8211; Kreisklasse<\/strong><\/p>\n<p>Olaf Kindervater, Stephan Scheithauer, Frank M\u00fcller, Michael Rh\u00e4sa, Torsten Kindervater, Olaf Rh\u00e4sa und Iris Klein<\/p>\n<p><strong>Ergebnisse Kreismeisterschaften Herren<\/strong><\/p>\n<p><strong><em>Herren A:&nbsp;<\/em><\/strong> 1.Platz f\u00fcr Uwe Kallenberg und 2.Platz f\u00fcr Peter Kallenberg im Einzel und 1.Platz Beide holten auch den 1.Platz im Doppel<\/p>\n<p><em><strong>Jugend:&nbsp;<\/strong><\/em>Platz 3 f\u00fcr Iris Klein und Stefan Halecker im Mix<\/p>\n<p><strong><em>Spartakiade:<\/em><\/strong><\/p>\n<ul>\n<li>Maik M\u00fcller gewann Bronze im Doppel&nbsp;<\/li>\n<li>Iris Klein Silber im Einzel und Silber im Mix mit Maik M\u00fcller<\/li>\n<li>Stefan Halecker gewann Bronze im Einzel und im Doppel mit Christian Rink<\/li>\n<li>Kerstin und Anke Steinh\u00e4user sicherten sich Bronze im Doppel<\/li>\n<li>Karsten Erk holte Bronze im Einzel&nbsp; &nbsp; &nbsp;&nbsp;<\/li>\n<\/ul>\n","protected":false},"excerpt":{"rendered":"<p>Gesamtmannschaftsaufstellung 1.Herren -2.Bezirksliga Staffel S\u00fcd \/ Abstieg Peter Kallenberg, Uwe Kallenberg, Fred Tresemer, Klaus Schr\u00f6der, Andreas Hahn und Stefan Halecker 2.Herren &#8211; 1.Kreisklasse&nbsp; Mario Halecker, Herbert B\u00f6ffel, Werner Weigert, Dieter Haberkorn, Thomas Erk, und Kay Hoffmann 1.Jugendmannschaft &#8211; Kreisklasse&nbsp; Karsten Erk, Christian Rink, Denis Hoschke und Thomas Werner 2.Jugendmannschaft &#8211; [&hellip;]<\/p>\n","protected":false},"author":1,"featured_media":0,"comment_status":"closed","ping_status":"closed","sticky":false,"template":"","format":"standard","meta":{"ngg_post_thumbnail":0,"footnotes":""},"categories":[1],"tags":[],"class_list":["post-4014","post","type-post","status-publish","format-standard","hentry","category-mtv"],"_links":{"self":[{"href":"https:\/\/www.mtv1861greussen.de\/index.php?rest_route=\/wp\/v2\/posts\/4014","targetHints":{"allow":["GET"]}}],"collection":[{"href":"https:\/\/www.mtv1861greussen.de\/index.php?rest_route=\/wp\/v2\/posts"}],"about":[{"href":"https:\/\/www.mtv1861greussen.de\/index.php?rest_route=\/wp\/v2\/types\/post"}],"author":[{"embeddable":true,"href":"https:\/\/www.mtv1861greussen.de\/index.php?rest_route=\/wp\/v2\/users\/1"}],"replies":[{"embeddable":true,"href":"https:\/\/www.mtv1861greussen.de\/index.php?rest_route=%2Fwp%2Fv2%2Fcomments&post=4014"}],"version-history":[{"count":3,"href":"https:\/\/www.mtv1861greussen.de\/index.php?rest_route=\/wp\/v2\/posts\/4014\/revisions"}],"predecessor-version":[{"id":4017,"href":"https:\/\/www.mtv1861greussen.de\/index.php?rest_route=\/wp\/v2\/posts\/4014\/revisions\/4017"}],"wp:attachment":[{"href":"https:\/\/www.mtv1861greussen.de\/index.php?rest_route=%2Fwp%2Fv2%2Fmedia&parent=4014"}],"wp:term":[{"taxonomy":"category","embeddable":true,"href":"https:\/\/www.mtv1861greussen.de\/index.php?rest_route=%2Fwp%2Fv2%2Fcategories&post=4014"},{"taxonomy":"post_tag","embeddable":true,"href":"https:\/\/www.mtv1861greussen.de\/index.php?rest_route=%2Fwp%2Fv2%2Ftags&post=4014"}],"curies":[{"name":"wp","href":"https:\/\/api.w.org\/{rel}","templated":true}]}}